{"id":15,"date":"2019-11-19T14:04:58","date_gmt":"2019-11-19T13:04:58","guid":{"rendered":"https:\/\/www.adkovpristav.sk\/?p=15"},"modified":"2019-11-20T19:39:42","modified_gmt":"2019-11-20T18:39:42","slug":"prvykrat-prehovoril-ako-osemrocny","status":"publish","type":"post","link":"https:\/\/www.adkovpristav.sk\/?p=15","title":{"rendered":"Prv\u00fdkr\u00e1t prehovoril ako osemro\u010dn\u00fd"},"content":{"rendered":"<div class=\"entry\">\n\n\n<figure class=\"wp-block-image\"><img loading=\"lazy\" decoding=\"async\" width=\"644\" height=\"362\" src=\"https:\/\/www.adkovpristav.sk\/wp-content\/uploads\/2019\/11\/1.png\" alt=\"\" class=\"wp-image-16\" srcset=\"https:\/\/www.adkovpristav.sk\/wp-content\/uploads\/2019\/11\/1.png 644w, https:\/\/www.adkovpristav.sk\/wp-content\/uploads\/2019\/11\/1-300x169.png 300w\" sizes=\"auto, (max-width: 644px) 100vw, 644px\" \/><\/figure>\n\n\n\n<p><strong>Adri\u00e1n je 15-ro\u010dn\u00fd autista. Prv\u00e9 slov\u00e1 vyslovil, ke\u010f mal osem rokov. T\u00edned\u017eer, ktor\u00fd m\u00e1 zo v\u0161etk\u00e9ho najrad\u0161ej pe\u010denie, sa v\u017edy presne dr\u017e\u00ed receptu. Jeho rodina t\u00fa\u017ei len po jednom: aby mal kvalitn\u00fd \u017eivot aj napriek svojej diagn\u00f3ze.<\/strong><\/p>\n\n\n\n<p>Pani Marcela spozorovala na svojom synovi prv\u00e9 zn\u00e1mky nev\u0161edn\u00e9ho spr\u00e1vania, u\u017e ke\u010f mal dva roky. V\u00f4bec nerozpr\u00e1val, a tak pre\u0161li ambulancie viacer\u00fdch lek\u00e1rov. Nepotvrdil sa probl\u00e9m so skr\u00e1tenou jazykovou uzdi\u010dkou, ani so sluchom, ktor\u00e9 by Adri\u00e1novi komplikovali u\u010denie re\u010di. A\u017e po dlh\u0161om \u010dase sa dostal do r\u00fak lek\u00e1rky, ktor\u00e1 mu stanovila diagn\u00f3zu detsk\u00fd autizmus.<\/p>\n\n\n\n<p><strong>\u017divot\ns&nbsp;autistom<\/strong><\/p>\n\n\n\n<p>Na t\u00e9mu autizmu sa v&nbsp;posledn\u00fdch rokoch hovor\u00ed a p\u00ed\u0161e ve\u013ea. Pred desiatimi rokmi v\u0161ak mlad\u00e1 mami\u010dka nemala ani z\u010faleka to\u013eko inform\u00e1ci\u00ed a netu\u0161ila, \u010do ju \u010dak\u00e1.&nbsp;<em>\u201e\u017divot na\u0161ej rodiny sa zmenil \u00faplne od z\u00e1kladov. Museli sme v\u0161etko prisp\u00f4sobi\u0165 potreb\u00e1m n\u00e1\u0161ho mlad\u0161ieho syna,\u201c<\/em>&nbsp;hovor\u00ed Marcela, ktor\u00e1 m\u00e1 s&nbsp;man\u017eelom e\u0161te jedno star\u0161ie die\u0165a.&nbsp;<em>\u201eRobili sme maximum pre dobro n\u00e1\u0161ho A\u010fka. Ale b\u00e1li sme sa, \u017ee to v\u0161etko bude zle vpl\u00fdva\u0165 na n\u00e1\u0161ho druh\u00e9ho syna. Chce to len \u010das, k\u00fdm sa v\u00e1m \u017eivot s&nbsp;hendikepovan\u00fdm die\u0165a\u0165om op\u00e4\u0165 nejako utrasie,\u201c<\/em>&nbsp;hovor\u00ed optimisticky a dod\u00e1va, \u017ee v\u010faka mlad\u0161iemu synovi stretla a stret\u00e1va mno\u017estvo inak obdaren\u00fdch \u013eud\u00ed, v\u010faka ktor\u00fdm prehodnotila priority \u017eivota.<\/p>\n\n\n\n<figure class=\"wp-block-image\"><img loading=\"lazy\" decoding=\"async\" width=\"666\" height=\"317\" src=\"https:\/\/www.adkovpristav.sk\/wp-content\/uploads\/2019\/11\/2.png\" alt=\"\" class=\"wp-image-17\" srcset=\"https:\/\/www.adkovpristav.sk\/wp-content\/uploads\/2019\/11\/2.png 666w, https:\/\/www.adkovpristav.sk\/wp-content\/uploads\/2019\/11\/2-300x143.png 300w\" sizes=\"auto, (max-width: 666px) 100vw, 666px\" \/><\/figure>\n\n\n\n<p><strong>V\u0161etko\nbude dobr\u00e9<\/strong><\/p>\n\n\n\n<p>Adri\u00e1n nav\u0161tevuje \u0161peci\u00e1lnu \u0161kolu pre deti s&nbsp;autizmom. U\u010dite\u013eky zo \u0161koly nau\u010dili mnoh\u00e9 nielen jeho, ale aj pani Marcelu, ktor\u00e1 nav\u0161tevovala kurzy a sedenia, aby vedela, ako s&nbsp;A\u010fkom \u010do najlep\u0161ie pracova\u0165. Najviac zo v\u0161etk\u00e9ho jej v\u0161ak pomohlo, ke\u010f sa so synov\u00fdm hendikepom vyrovnala. \u201e<em>Ke\u010f n\u00e1m potvrdili synovu diagn\u00f3zu, na za\u010diatku to bolo pre m\u0148a ako matku ve\u013emi \u0165a\u017ek\u00e9 prija\u0165. P\u00fdtala som sa, pre\u010do pr\u00e1ve my? No \u010dasom som pochopila, \u017ee takto mu nepom\u00f4\u017eem a \u017ee najd\u00f4le\u017eitej\u0161ej pre neho je, aby mal pri sebe vyrovnan\u00fdch rodi\u010dov.\u201c<\/em><\/p>\n\n\n\n<p><strong>Kde\nje mama<\/strong><\/p>\n\n\n\n<p>Rodi\u010dia sa so svoj\u00edm synom osem rokov nemohli porozpr\u00e1va\u0165. Adri\u00e1n dovtedy neopakoval slov\u00e1, ani neodpovedal na ich ot\u00e1zky. Na jeho prv\u00e9 tri slov\u00e1 v\u0161ak jeho mama nikdy nezabudne, aj ke\u010f ich nepo\u010dula.&nbsp;<em>\u201eKe\u010f som prv\u00fdkr\u00e1t po \u00f4smich rokoch odi\u0161la na noc do nemocnice, A\u010fko sa na druh\u00fd de\u0148 pani u\u010dite\u013eky op\u00fdtal: Kde je mama?\u201c<\/em>. Od toho d\u0148a rodi\u010dia so synom komunikuj\u00fa. Adri\u00e1n sa dokonca nau\u010dil \u010d\u00edta\u0165, aj p\u00edsa\u0165 tla\u010den\u00fdm p\u00edsmom.&nbsp;<em>\u201eNa\u0161a komunik\u00e1cia so synom je obmedzen\u00e1, ale pre n\u00e1s je to obrovsk\u00fd pokrok a mal\u00fd z\u00e1zrak. \u010casto mu rob\u00edme tlmo\u010dn\u00edka, preto\u017ee cudz\u00ed \u013eudia mu nie v\u017edy rozumej\u00fa,\u201c<\/em>&nbsp;dodala Marcela.<\/p>\n\n\n\n<figure class=\"wp-block-image\"><img loading=\"lazy\" decoding=\"async\" width=\"621\" height=\"827\" src=\"https:\/\/www.adkovpristav.sk\/wp-content\/uploads\/2019\/11\/3.png\" alt=\"\" class=\"wp-image-18\" srcset=\"https:\/\/www.adkovpristav.sk\/wp-content\/uploads\/2019\/11\/3.png 621w, https:\/\/www.adkovpristav.sk\/wp-content\/uploads\/2019\/11\/3-225x300.png 225w\" sizes=\"auto, (max-width: 621px) 100vw, 621px\" \/><\/figure>\n\n\n\n<p><strong>Kol\u00e1\u010de\nmaj\u00fa ka\u017ed\u00fd de\u0148<\/strong><\/p>\n\n\n\n<p>A\u010fko aj napriek svojmu hendikepu rob\u00ed rodine ve\u013ek\u00fa\nrados\u0165. Objavil v&nbsp;sebe skryt\u00fd talent a jeho najv\u00e4\u010d\u0161ou z\u00e1\u013eubou sa stalo\npe\u010denie.&nbsp;<em>\u201eKe\u010f pe\u010die kol\u00e1\u010d, v\u0161etko mus\u00ed by\u0165 presne, ako sa p\u00ed\u0161e\nv&nbsp;recepte. Niekedy m\u00e1 obdobie, \u017ee mus\u00edme piec\u0165 aj ka\u017ed\u00fd de\u0148. Ale sme radi,\n\u017ee sa v&nbsp;nie\u010dom na\u0161iel,\u201c<\/em>&nbsp;hovor\u00ed py\u0161ne Marcela.<\/p>\n\n\n\n<p>Rada by svojho syna zapojila aj do \u0161portov\u00fdch aktiv\u00edt a posilnila jeho fyzick\u00fa kond\u00edciu. Ako autista m\u00e1 v\u0161ak oslaben\u00e9 motorick\u00e9 schopnosti. U\u017e nieko\u013eko rokov sa chce nau\u010di\u0165 bicyklova\u0165, ale neudr\u017e\u00ed rovnov\u00e1hu a m\u00e1 strach to sk\u00fa\u0161a\u0165 na klasickom bicykli. Rodina si pre neho vysn\u00edvala finan\u010dne n\u00e1ro\u010dn\u00fd tricykel\u00a0\u2013 bezpe\u010dne upraven\u00fd bicykel pre \u013eud\u00ed s\u00a0obmedzen\u00fdm pohybom. <\/p>\n\n\n<\/div>","protected":false},"excerpt":{"rendered":"<p>Adri\u00e1n je 15-ro\u010dn\u00fd autista. Prv\u00e9 slov\u00e1 vyslovil, ke\u010f mal osem rokov. T\u00edned\u017eer, ktor\u00fd m\u00e1 zo v\u0161etk\u00e9ho najrad\u0161ej pe\u010denie, sa v\u017edy presne dr\u017e\u00ed receptu. Jeho rodina t\u00fa\u017ei len po jednom: aby mal kvalitn\u00fd \u017eivot aj napriek svojej diagn\u00f3ze. Pani Marcela spozorovala na svojom synovi prv\u00e9 zn\u00e1mky nev\u0161edn\u00e9ho spr\u00e1vania, u\u017e ke\u010f mal dva roky. V\u00f4bec nerozpr\u00e1val, a &#8230;<\/p>\n","protected":false},"author":1,"featured_media":16,"comment_status":"closed","ping_status":"closed","sticky":false,"template":"","format":"standard","meta":{"_monsterinsights_skip_tracking":false,"_monsterinsights_sitenote_active":false,"_monsterinsights_sitenote_note":"","_monsterinsights_sitenote_category":0,"footnotes":""},"categories":[1],"tags":[],"class_list":{"0":"post-15","1":"post","2":"type-post","3":"status-publish","4":"format-standard","5":"has-post-thumbnail","7":"category-nezaradene","8":"anons"},"aioseo_notices":[],"_links":{"self":[{"href":"https:\/\/www.adkovpristav.sk\/index.php?rest_route=\/wp\/v2\/posts\/15","targetHints":{"allow":["GET"]}}],"collection":[{"href":"https:\/\/www.adkovpristav.sk\/index.php?rest_route=\/wp\/v2\/posts"}],"about":[{"href":"https:\/\/www.adkovpristav.sk\/index.php?rest_route=\/wp\/v2\/types\/post"}],"author":[{"embeddable":true,"href":"https:\/\/www.adkovpristav.sk\/index.php?rest_route=\/wp\/v2\/users\/1"}],"replies":[{"embeddable":true,"href":"https:\/\/www.adkovpristav.sk\/index.php?rest_route=%2Fwp%2Fv2%2Fcomments&post=15"}],"version-history":[{"count":3,"href":"https:\/\/www.adkovpristav.sk\/index.php?rest_route=\/wp\/v2\/posts\/15\/revisions"}],"predecessor-version":[{"id":123,"href":"https:\/\/www.adkovpristav.sk\/index.php?rest_route=\/wp\/v2\/posts\/15\/revisions\/123"}],"wp:featuredmedia":[{"embeddable":true,"href":"https:\/\/www.adkovpristav.sk\/index.php?rest_route=\/wp\/v2\/media\/16"}],"wp:attachment":[{"href":"https:\/\/www.adkovpristav.sk\/index.php?rest_route=%2Fwp%2Fv2%2Fmedia&parent=15"}],"wp:term":[{"taxonomy":"category","embeddable":true,"href":"https:\/\/www.adkovpristav.sk\/index.php?rest_route=%2Fwp%2Fv2%2Fcategories&post=15"},{"taxonomy":"post_tag","embeddable":true,"href":"https:\/\/www.adkovpristav.sk\/index.php?rest_route=%2Fwp%2Fv2%2Ftags&post=15"}],"curies":[{"name":"wp","href":"https:\/\/api.w.org\/{rel}","templated":true}]}}